{"id":794,"date":"2024-10-01T07:00:13","date_gmt":"2024-10-01T07:00:13","guid":{"rendered":"https:\/\/hubexostg.wpenginepowered.com\/?p=794"},"modified":"2025-04-25T09:47:10","modified_gmt":"2025-04-25T08:47:10","slug":"thomas-bejer-andersen-far-ny-rolle-i-hubexo","status":"publish","type":"post","link":"https:\/\/nee.hubexo.com\/no\/thomas-bejer-andersen-far-ny-rolle-i-hubexo\/","title":{"rendered":"Thomas Bejer-Andersen f\u00e5r ny rolle i Hubexo"},"content":{"rendered":"<figure class=\"wp-block-image size-full\"><img loading=\"lazy\" decoding=\"async\" width=\"776\" height=\"440\" src=\"http:\/\/54.252.222.112\/wp-content\/uploads\/2024\/09\/Thomas-newsimage.jpg\" alt=\"\" class=\"wp-image-795\" srcset=\"https:\/\/nee.hubexo.com\/wp-content\/uploads\/2024\/09\/Thomas-newsimage.jpg 776w, https:\/\/nee.hubexo.com\/wp-content\/uploads\/2024\/09\/Thomas-newsimage-300x170.jpg 300w, https:\/\/nee.hubexo.com\/wp-content\/uploads\/2024\/09\/Thomas-newsimage-768x435.jpg 768w, https:\/\/nee.hubexo.com\/wp-content\/uploads\/2024\/09\/Thomas-newsimage-600x340.jpg 600w\" sizes=\"auto, (max-width: 776px) 100vw, 776px\" \/><\/figure>\n\n\n\n<p><strong>Thomas Bejer-Andersen<\/strong> has been named as the new President, North East Europe as part of the new leadership structure at Hubexo.<br><br>Thomas har jobbet med Hubexos varemerker i nesten 20 \u00e5r, og i 2022 ble han nordisk Chief Operating Officer for Byggfakta Group. I sin nye rolle som President, North East Europe, blir Thomas en del av Hubexos globale ledergruppe, med ansvar for \u00e5 drive kommersiell virksomhet i Danmark, Finland, Norge og Sverige, i tillegg til Hubexos merkevarer i Polen, Tsjekkia og Slovakia.\u00a0<br><br>Thomas kommenterte sin nye rolle : \u201c<em>I nesten 100 \u00e5r har Byggfakta-navnet v\u00e6rt en integrert del av den nordiske byggsektoren. I l\u00f8pet av denne tiden har vi levert produkter som tusenvis av kunder i hele regionen har l\u00e6rt seg \u00e5 stole p\u00e5, og dette gir oss et solid grunnlag for \u00e5 ta virksomheten videre som en del av det nye varemerket Hubexo, og jeg gleder meg til \u00e5 lede denne reisen for Nord\u00f8st-Europa.\"<\/em>\u00a0<br><br><em>\u00abJeg har v\u00e6rt i virksomheten i mer enn 20 \u00e5r, og i l\u00f8pet av denne tiden har jeg brent for \u00e5 drive frem v\u00e5r kommersielle suksess i Nord\u00f8st-Europa. Salg og entrepren\u00f8rskap ligger i mitt DNA, og jeg er ubarmhjertig i min jakt p\u00e5 fortreffelighet og vekst. Mitt fokus er \u00e5 skape en levende samarbeidskultur der teamene v\u00e5re n\u00e5r nye h\u00f8yder, og kundene v\u00e5re n\u00e5r sine m\u00e5l.\u00bb<\/em><\/p>\n\n\n\n<div class=\"location-card blog-post-contact is-yellow\" data-country=\"\"\n     id=\"\">\n    <h3 class=\"snug\">\n        <span>For mer informasjon, kontakt<\/span>\n        <svg width=\"26\" height=\"19\" viewbox=\"0 0 26 19\" fill=\"none\" xmlns=\"http:\/\/www.w3.org\/2000\/svg\">\n            <path\n                    d=\"M22.5531 2.27075L16.1039 8.71998L15.7593 9.11383C14.1839 10.6892 11.6731 10.6892 10.0977 9.11383L9.85157 8.86768L3.40234 2.36921\"\n                    stroke=\"#321432\" stroke-width=\"2.46154\" stroke-miterlimit=\"10\"><\/path>\n            <path\n                    d=\"M20.0896 1.43384H5.96035C3.74496 1.43384 1.97266 3.20615 1.97266 5.42153V5.17538V13.0523V13.3969C1.97266 15.6123 3.74496 17.3846 5.96035 17.3846H20.1388C22.3542 17.3846 24.1265 15.6123 24.1265 13.3969V5.71691V5.47076C24.1265 3.25538 22.305 1.43384 20.0896 1.43384Z\"\n                    stroke=\"#321432\" stroke-width=\"2.46154\" stroke-miterlimit=\"10\"><\/path>\n        <\/svg>\n    <\/h3>\n    <p class=\"snug\"><a href=\"mailto:n&#101;&#101;ur&#111;pe&#64;&#104;&#117;&#98;&#101;&#120;o.&#99;o&#109;\" class=\"small-title--bold\">n&#101;&#101;ur&#111;pe&#64;&#104;&#117;&#98;&#101;&#120;o.&#99;o&#109;<\/a><\/p>\n<\/div>","protected":false},"excerpt":{"rendered":"<p>Thomas Bejer-Andersen has been named as the new President, North East Europe as part of the new leadership structure at Hubexo. Thomas has worked with Hubexo brands for nearly 20 years, and in 2022 he became Nordic Chief Operating Officer for Byggfakta Group. In his new role as President, North East Europe, Thomas joins the [&hellip;]<\/p>","protected":false},"author":2,"featured_media":795,"comment_status":"open","ping_status":"open","sticky":false,"template":"","format":"standard","meta":{"_acf_changed":false,"footnotes":""},"categories":[1],"tags":[],"location":[],"class_list":["post-794","post","type-post","status-publish","format-standard","has-post-thumbnail","hentry","category-uncategorized"],"acf":[],"yoast_head":"<!-- This site is optimized with the Yoast SEO plugin v26.7 - https:\/\/yoast.com\/wordpress\/plugins\/seo\/ -->\n<title>Thomas Bejer-Andersen takes on new role at Hubexo | Hubexo North East Europe<\/title>\n<meta name=\"description\" content=\"Thomas Bejer-Andersen has been named as the new President, North East Europe as part of the new leadership structure at Hubexo.\" \/>\n<meta name=\"robots\" content=\"index, follow, max-snippet:-1, max-image-preview:large, max-video-preview:-1\" \/>\n<link rel=\"canonical\" href=\"https:\/\/nee.hubexo.com\/no\/thomas-bejer-andersen-far-ny-rolle-i-hubexo\/\" \/>\n<meta property=\"og:locale\" content=\"nb_NO\" \/>\n<meta property=\"og:type\" content=\"article\" \/>\n<meta property=\"og:title\" content=\"Thomas Bejer-Andersen takes on new role at Hubexo | Hubexo North East Europe\" \/>\n<meta property=\"og:description\" content=\"Thomas Bejer-Andersen has been named as the new President, North East Europe as part of the new leadership structure at Hubexo.\" \/>\n<meta property=\"og:url\" content=\"https:\/\/nee.hubexo.com\/no\/thomas-bejer-andersen-far-ny-rolle-i-hubexo\/\" \/>\n<meta property=\"og:site_name\" content=\"Hubexo North East Europe\" \/>\n<meta property=\"article:published_time\" content=\"2024-10-01T07:00:13+00:00\" \/>\n<meta property=\"article:modified_time\" content=\"2025-04-25T08:47:10+00:00\" \/>\n<meta property=\"og:image\" content=\"https:\/\/nee.hubexo.com\/wp-content\/uploads\/2024\/09\/Thomas-newsimage.jpg\" \/>\n\t<meta property=\"og:image:width\" content=\"776\" \/>\n\t<meta property=\"og:image:height\" content=\"440\" \/>\n\t<meta property=\"og:image:type\" content=\"image\/jpeg\" \/>\n<meta name=\"author\" content=\"lunaraphael\" \/>\n<meta name=\"twitter:card\" content=\"summary_large_image\" \/>\n<meta name=\"twitter:label1\" content=\"Skrevet av\" \/>\n\t<meta name=\"twitter:data1\" content=\"lunaraphael\" \/>\n\t<meta name=\"twitter:label2\" content=\"Ansl. lesetid\" \/>\n\t<meta name=\"twitter:data2\" content=\"2 minutter\" \/>\n<script type=\"application\/ld+json\" class=\"yoast-schema-graph\">{\"@context\":\"https:\/\/schema.org\",\"@graph\":[{\"@type\":\"Article\",\"@id\":\"https:\/\/nee.hubexo.com\/thomas-bejer-andersen-takes-on-new-role-at-hubexo\/#article\",\"isPartOf\":{\"@id\":\"https:\/\/nee.hubexo.com\/thomas-bejer-andersen-takes-on-new-role-at-hubexo\/\"},\"author\":{\"name\":\"lunaraphael\",\"@id\":\"https:\/\/nee.hubexo.com\/#\/schema\/person\/abb267637b8501247c303bda83a50cbf\"},\"headline\":\"Thomas Bejer-Andersen takes on new role at Hubexo\",\"datePublished\":\"2024-10-01T07:00:13+00:00\",\"dateModified\":\"2025-04-25T08:47:10+00:00\",\"mainEntityOfPage\":{\"@id\":\"https:\/\/nee.hubexo.com\/thomas-bejer-andersen-takes-on-new-role-at-hubexo\/\"},\"wordCount\":231,\"commentCount\":0,\"image\":{\"@id\":\"https:\/\/nee.hubexo.com\/thomas-bejer-andersen-takes-on-new-role-at-hubexo\/#primaryimage\"},\"thumbnailUrl\":\"https:\/\/nee.hubexo.com\/wp-content\/uploads\/2024\/09\/Thomas-newsimage.jpg\",\"articleSection\":[\"Uncategorized\"],\"inLanguage\":\"nb-NO\",\"potentialAction\":[{\"@type\":\"CommentAction\",\"name\":\"Comment\",\"target\":[\"https:\/\/nee.hubexo.com\/thomas-bejer-andersen-takes-on-new-role-at-hubexo\/#respond\"]}]},{\"@type\":\"WebPage\",\"@id\":\"https:\/\/nee.hubexo.com\/thomas-bejer-andersen-takes-on-new-role-at-hubexo\/\",\"url\":\"https:\/\/nee.hubexo.com\/thomas-bejer-andersen-takes-on-new-role-at-hubexo\/\",\"name\":\"Thomas Bejer-Andersen takes on new role at Hubexo | Hubexo North East Europe\",\"isPartOf\":{\"@id\":\"https:\/\/nee.hubexo.com\/#website\"},\"primaryImageOfPage\":{\"@id\":\"https:\/\/nee.hubexo.com\/thomas-bejer-andersen-takes-on-new-role-at-hubexo\/#primaryimage\"},\"image\":{\"@id\":\"https:\/\/nee.hubexo.com\/thomas-bejer-andersen-takes-on-new-role-at-hubexo\/#primaryimage\"},\"thumbnailUrl\":\"https:\/\/nee.hubexo.com\/wp-content\/uploads\/2024\/09\/Thomas-newsimage.jpg\",\"datePublished\":\"2024-10-01T07:00:13+00:00\",\"dateModified\":\"2025-04-25T08:47:10+00:00\",\"author\":{\"@id\":\"https:\/\/nee.hubexo.com\/#\/schema\/person\/abb267637b8501247c303bda83a50cbf\"},\"description\":\"Thomas Bejer-Andersen has been named as the new President, North East Europe as part of the new leadership structure at Hubexo.\",\"breadcrumb\":{\"@id\":\"https:\/\/nee.hubexo.com\/thomas-bejer-andersen-takes-on-new-role-at-hubexo\/#breadcrumb\"},\"inLanguage\":\"nb-NO\",\"potentialAction\":[{\"@type\":\"ReadAction\",\"target\":[\"https:\/\/nee.hubexo.com\/thomas-bejer-andersen-takes-on-new-role-at-hubexo\/\"]}]},{\"@type\":\"ImageObject\",\"inLanguage\":\"nb-NO\",\"@id\":\"https:\/\/nee.hubexo.com\/thomas-bejer-andersen-takes-on-new-role-at-hubexo\/#primaryimage\",\"url\":\"https:\/\/nee.hubexo.com\/wp-content\/uploads\/2024\/09\/Thomas-newsimage.jpg\",\"contentUrl\":\"https:\/\/nee.hubexo.com\/wp-content\/uploads\/2024\/09\/Thomas-newsimage.jpg\",\"width\":776,\"height\":440,\"caption\":\"Thomas Bejer-Andersen\"},{\"@type\":\"BreadcrumbList\",\"@id\":\"https:\/\/nee.hubexo.com\/thomas-bejer-andersen-takes-on-new-role-at-hubexo\/#breadcrumb\",\"itemListElement\":[{\"@type\":\"ListItem\",\"position\":1,\"name\":\"Home\",\"item\":\"https:\/\/nee.hubexo.com\/\"},{\"@type\":\"ListItem\",\"position\":2,\"name\":\"Thomas Bejer-Andersen takes on new role at Hubexo\"}]},{\"@type\":\"WebSite\",\"@id\":\"https:\/\/nee.hubexo.com\/#website\",\"url\":\"https:\/\/nee.hubexo.com\/\",\"name\":\"Hubexo North East Europe\",\"description\":\"\",\"alternateName\":\"Hubexo North East Europe\",\"potentialAction\":[{\"@type\":\"SearchAction\",\"target\":{\"@type\":\"EntryPoint\",\"urlTemplate\":\"https:\/\/nee.hubexo.com\/?s={search_term_string}\"},\"query-input\":{\"@type\":\"PropertyValueSpecification\",\"valueRequired\":true,\"valueName\":\"search_term_string\"}}],\"inLanguage\":\"nb-NO\"},{\"@type\":\"Person\",\"@id\":\"https:\/\/nee.hubexo.com\/#\/schema\/person\/abb267637b8501247c303bda83a50cbf\",\"name\":\"lunaraphael\",\"image\":{\"@type\":\"ImageObject\",\"inLanguage\":\"nb-NO\",\"@id\":\"https:\/\/nee.hubexo.com\/#\/schema\/person\/image\/\",\"url\":\"https:\/\/secure.gravatar.com\/avatar\/621c3ee46a62dc647e503069a32277ef39a063f4502fca5bc2e0ce4b1153ae78?s=96&d=mm&r=g\",\"contentUrl\":\"https:\/\/secure.gravatar.com\/avatar\/621c3ee46a62dc647e503069a32277ef39a063f4502fca5bc2e0ce4b1153ae78?s=96&d=mm&r=g\",\"caption\":\"lunaraphael\"},\"url\":\"https:\/\/nee.hubexo.com\/no\/author\/lunaraphael\/\"}]}<\/script>\n<!-- \/ Yoast SEO plugin. -->","yoast_head_json":{"title":"Thomas Bejer-Andersen takes on new role at Hubexo | Hubexo North East Europe","description":"Thomas Bejer-Andersen has been named as the new President, North East Europe as part of the new leadership structure at Hubexo.","robots":{"index":"index","follow":"follow","max-snippet":"max-snippet:-1","max-image-preview":"max-image-preview:large","max-video-preview":"max-video-preview:-1"},"canonical":"https:\/\/nee.hubexo.com\/no\/thomas-bejer-andersen-far-ny-rolle-i-hubexo\/","og_locale":"nb_NO","og_type":"article","og_title":"Thomas Bejer-Andersen takes on new role at Hubexo | Hubexo North East Europe","og_description":"Thomas Bejer-Andersen has been named as the new President, North East Europe as part of the new leadership structure at Hubexo.","og_url":"https:\/\/nee.hubexo.com\/no\/thomas-bejer-andersen-far-ny-rolle-i-hubexo\/","og_site_name":"Hubexo North East Europe","article_published_time":"2024-10-01T07:00:13+00:00","article_modified_time":"2025-04-25T08:47:10+00:00","og_image":[{"width":776,"height":440,"url":"https:\/\/nee.hubexo.com\/wp-content\/uploads\/2024\/09\/Thomas-newsimage.jpg","type":"image\/jpeg"}],"author":"lunaraphael","twitter_card":"summary_large_image","twitter_misc":{"Skrevet av":"lunaraphael","Ansl. lesetid":"2 minutter"},"schema":{"@context":"https:\/\/schema.org","@graph":[{"@type":"Article","@id":"https:\/\/nee.hubexo.com\/thomas-bejer-andersen-takes-on-new-role-at-hubexo\/#article","isPartOf":{"@id":"https:\/\/nee.hubexo.com\/thomas-bejer-andersen-takes-on-new-role-at-hubexo\/"},"author":{"name":"lunaraphael","@id":"https:\/\/nee.hubexo.com\/#\/schema\/person\/abb267637b8501247c303bda83a50cbf"},"headline":"Thomas Bejer-Andersen takes on new role at Hubexo","datePublished":"2024-10-01T07:00:13+00:00","dateModified":"2025-04-25T08:47:10+00:00","mainEntityOfPage":{"@id":"https:\/\/nee.hubexo.com\/thomas-bejer-andersen-takes-on-new-role-at-hubexo\/"},"wordCount":231,"commentCount":0,"image":{"@id":"https:\/\/nee.hubexo.com\/thomas-bejer-andersen-takes-on-new-role-at-hubexo\/#primaryimage"},"thumbnailUrl":"https:\/\/nee.hubexo.com\/wp-content\/uploads\/2024\/09\/Thomas-newsimage.jpg","articleSection":["Uncategorized"],"inLanguage":"nb-NO","potentialAction":[{"@type":"CommentAction","name":"Comment","target":["https:\/\/nee.hubexo.com\/thomas-bejer-andersen-takes-on-new-role-at-hubexo\/#respond"]}]},{"@type":"WebPage","@id":"https:\/\/nee.hubexo.com\/thomas-bejer-andersen-takes-on-new-role-at-hubexo\/","url":"https:\/\/nee.hubexo.com\/thomas-bejer-andersen-takes-on-new-role-at-hubexo\/","name":"Thomas Bejer-Andersen takes on new role at Hubexo | Hubexo North East Europe","isPartOf":{"@id":"https:\/\/nee.hubexo.com\/#website"},"primaryImageOfPage":{"@id":"https:\/\/nee.hubexo.com\/thomas-bejer-andersen-takes-on-new-role-at-hubexo\/#primaryimage"},"image":{"@id":"https:\/\/nee.hubexo.com\/thomas-bejer-andersen-takes-on-new-role-at-hubexo\/#primaryimage"},"thumbnailUrl":"https:\/\/nee.hubexo.com\/wp-content\/uploads\/2024\/09\/Thomas-newsimage.jpg","datePublished":"2024-10-01T07:00:13+00:00","dateModified":"2025-04-25T08:47:10+00:00","author":{"@id":"https:\/\/nee.hubexo.com\/#\/schema\/person\/abb267637b8501247c303bda83a50cbf"},"description":"Thomas Bejer-Andersen has been named as the new President, North East Europe as part of the new leadership structure at Hubexo.","breadcrumb":{"@id":"https:\/\/nee.hubexo.com\/thomas-bejer-andersen-takes-on-new-role-at-hubexo\/#breadcrumb"},"inLanguage":"nb-NO","potentialAction":[{"@type":"ReadAction","target":["https:\/\/nee.hubexo.com\/thomas-bejer-andersen-takes-on-new-role-at-hubexo\/"]}]},{"@type":"ImageObject","inLanguage":"nb-NO","@id":"https:\/\/nee.hubexo.com\/thomas-bejer-andersen-takes-on-new-role-at-hubexo\/#primaryimage","url":"https:\/\/nee.hubexo.com\/wp-content\/uploads\/2024\/09\/Thomas-newsimage.jpg","contentUrl":"https:\/\/nee.hubexo.com\/wp-content\/uploads\/2024\/09\/Thomas-newsimage.jpg","width":776,"height":440,"caption":"Thomas Bejer-Andersen"},{"@type":"BreadcrumbList","@id":"https:\/\/nee.hubexo.com\/thomas-bejer-andersen-takes-on-new-role-at-hubexo\/#breadcrumb","itemListElement":[{"@type":"ListItem","position":1,"name":"Home","item":"https:\/\/nee.hubexo.com\/"},{"@type":"ListItem","position":2,"name":"Thomas Bejer-Andersen takes on new role at Hubexo"}]},{"@type":"WebSite","@id":"https:\/\/nee.hubexo.com\/#website","url":"https:\/\/nee.hubexo.com\/","name":"Hubexo Nord\u00f8st-Europa","description":"","alternateName":"Hubexo North East Europe","potentialAction":[{"@type":"SearchAction","target":{"@type":"EntryPoint","urlTemplate":"https:\/\/nee.hubexo.com\/?s={search_term_string}"},"query-input":{"@type":"PropertyValueSpecification","valueRequired":true,"valueName":"search_term_string"}}],"inLanguage":"nb-NO"},{"@type":"Person","@id":"https:\/\/nee.hubexo.com\/#\/schema\/person\/abb267637b8501247c303bda83a50cbf","name":"lunaraphael","image":{"@type":"ImageObject","inLanguage":"nb-NO","@id":"https:\/\/nee.hubexo.com\/#\/schema\/person\/image\/","url":"https:\/\/secure.gravatar.com\/avatar\/621c3ee46a62dc647e503069a32277ef39a063f4502fca5bc2e0ce4b1153ae78?s=96&d=mm&r=g","contentUrl":"https:\/\/secure.gravatar.com\/avatar\/621c3ee46a62dc647e503069a32277ef39a063f4502fca5bc2e0ce4b1153ae78?s=96&d=mm&r=g","caption":"lunaraphael"},"url":"https:\/\/nee.hubexo.com\/no\/author\/lunaraphael\/"}]}},"featured_image_src":"https:\/\/nee.hubexo.com\/wp-content\/uploads\/2024\/09\/Thomas-newsimage.jpg","featured_image_src_square":"https:\/\/nee.hubexo.com\/wp-content\/uploads\/2024\/09\/Thomas-newsimage.jpg","author_info":{"display_name":"lunaraphael","author_link":"https:\/\/nee.hubexo.com\/no\/author\/lunaraphael\/"},"_links":{"self":[{"href":"https:\/\/nee.hubexo.com\/no\/wp-json\/wp\/v2\/posts\/794","targetHints":{"allow":["GET"]}}],"collection":[{"href":"https:\/\/nee.hubexo.com\/no\/wp-json\/wp\/v2\/posts"}],"about":[{"href":"https:\/\/nee.hubexo.com\/no\/wp-json\/wp\/v2\/types\/post"}],"author":[{"embeddable":true,"href":"https:\/\/nee.hubexo.com\/no\/wp-json\/wp\/v2\/users\/2"}],"replies":[{"embeddable":true,"href":"https:\/\/nee.hubexo.com\/no\/wp-json\/wp\/v2\/comments?post=794"}],"version-history":[{"count":0,"href":"https:\/\/nee.hubexo.com\/no\/wp-json\/wp\/v2\/posts\/794\/revisions"}],"wp:featuredmedia":[{"embeddable":true,"href":"https:\/\/nee.hubexo.com\/no\/wp-json\/wp\/v2\/media\/795"}],"wp:attachment":[{"href":"https:\/\/nee.hubexo.com\/no\/wp-json\/wp\/v2\/media?parent=794"}],"wp:term":[{"taxonomy":"category","embeddable":true,"href":"https:\/\/nee.hubexo.com\/no\/wp-json\/wp\/v2\/categories?post=794"},{"taxonomy":"post_tag","embeddable":true,"href":"https:\/\/nee.hubexo.com\/no\/wp-json\/wp\/v2\/tags?post=794"},{"taxonomy":"location","embeddable":true,"href":"https:\/\/nee.hubexo.com\/no\/wp-json\/wp\/v2\/location?post=794"}],"curies":[{"name":"wp","href":"https:\/\/api.w.org\/{rel}","templated":true}]}}