{"id":366,"date":"2024-10-01T07:10:41","date_gmt":"2024-10-01T07:10:41","guid":{"rendered":"http:\/\/hubexo.8a\/?p=366"},"modified":"2025-04-25T09:42:38","modified_gmt":"2025-04-25T08:42:38","slug":"byggfakta-group-blir-hubexo","status":"publish","type":"post","link":"https:\/\/nee.hubexo.com\/no\/byggfakta-group-blir-hubexo\/","title":{"rendered":"Byggfakta Group blir Hubexo og kunngj\u00f8r ny ledelsesstruktur"},"content":{"rendered":"<ul class=\"wp-block-list has-medium-font-size\">\n<li><strong>Det nye navnet gjenspeiler Hubexos posisjon i sentrum av den globale byggebransjen.&nbsp;<\/strong><\/li>\n\n\n\n<li><strong>Ny ledelse og merkevarestruktur skal drive frem innovasjon og vekst.&nbsp;<\/strong><\/li>\n\n\n\n<li><strong>Produktmerkene forblir uendret med en oppfrisket identitet.&nbsp;<\/strong><\/li>\n<\/ul>\n\n\n\n<figure class=\"wp-block-image size-full\"><img loading=\"lazy\" decoding=\"async\" width=\"2560\" height=\"1451\" src=\"http:\/\/54.252.222.112\/wp-content\/uploads\/2024\/09\/LaunchImage-2-scaled.jpg\" alt=\"\" class=\"wp-image-590\" srcset=\"https:\/\/nee.hubexo.com\/wp-content\/uploads\/2024\/09\/LaunchImage-2-scaled.jpg 2560w, https:\/\/nee.hubexo.com\/wp-content\/uploads\/2024\/09\/LaunchImage-2-300x170.jpg 300w, https:\/\/nee.hubexo.com\/wp-content\/uploads\/2024\/09\/LaunchImage-2-1024x581.jpg 1024w, https:\/\/nee.hubexo.com\/wp-content\/uploads\/2024\/09\/LaunchImage-2-768x435.jpg 768w, https:\/\/nee.hubexo.com\/wp-content\/uploads\/2024\/09\/LaunchImage-2-1536x871.jpg 1536w, https:\/\/nee.hubexo.com\/wp-content\/uploads\/2024\/09\/LaunchImage-2-2048x1161.jpg 2048w, https:\/\/nee.hubexo.com\/wp-content\/uploads\/2024\/09\/LaunchImage-2-600x340.jpg 600w\" sizes=\"auto, (max-width: 2560px) 100vw, 2560px\" \/><\/figure>\n\n\n\n<p><strong>Stockholm, 1. oktober 2024:<\/strong> Byggfakta Group, morselskapet bak flere markedsledende merkevarer innen byggdata og -informasjon, inkludert BCI, NBS og Vortal, kunngjorde i dag at de har endret navn til <strong>Hubexo<\/strong>. Den nye identiteten innleder starten p\u00e5 et globalt rebranding- og restruktureringsprosjekt som har som m\u00e5l \u00e5 posisjonere selskapet som en dynamisk og fremtidsrettet leder innen byggdata og teknologi.&nbsp;&nbsp;<br><br>Et nytt nettsted for selskapet (<a href=\"https:\/\/eur01.safelinks.protection.outlook.com\/?url=http%3A%2F%2Fwww.hubexostg.wpenginepowered.com%2F&amp;data=05%7C02%7CLuna.Raphael%40luminous.co.uk%7Ceb477c461cfe4e2536ed08dce15e9a04%7C744c2775029346ab96903823b998d5e2%7C0%7C0%7C638633043662584672%7CUnknown%7CTWFpbGZsb3d8eyJWIjoiMC4wLjAwMDAiLCJQIjoiV2luMzIiLCJBTiI6Ik1haWwiLCJXVCI6Mn0%3D%7C0%7C%7C%7C&amp;sdata=3%2Bus92L6LMe38ySkXH39jabBwfAqjqUL4UHc188QHWs%3D&amp;reserved=0\" target=\"_blank\" rel=\"noreferrer noopener\">www.hubexostg.wpenginepowered.com<\/a>) lanseres i dag. Forel\u00f8pig ber\u00f8rer navneendringen bare morselskapet, selv om merkevarene i konsernet vil f\u00e5 nye visuelle identiteter for \u00e5 forsterke tilknytningen til&nbsp;<strong>Hubexo<\/strong>. Produkter som er rettet mot kundene, vil i f\u00f8rste omgang beholde sine eksisterende navn. Dagens lansering av&nbsp;<strong>Hubexo<\/strong>&nbsp;er det f\u00f8rste skrittet i arbeidet med \u00e5 forene organisasjonen til \u00e9n merkevare, som skal v\u00e6re ferdig i april 2025.&nbsp;<br><br>\u00abDet bygde milj\u00f8et former m\u00e5ten vi lever, jobberog leker p\u00e5, og det nye navnet v\u00e5rt gjenspeiler v\u00e5r forpliktelse til \u00e5 koble sammen og forme den globale byggebransjen med v\u00e5re viktige data og innsikt\u00bb, sier Dario Aganovic, administrerende direkt\u00f8r. \u00abVi bygger p\u00e5 nesten 100 \u00e5r med ekspertise innen bygg- og anleggsbransjen, og n\u00e5 forener vi v\u00e5re globale merkevarer under navnet Hubexo for \u00e5 fremme innovasjon, styrke kundene v\u00e5re og lede bygg- og anleggssektoren inn i en b\u00e6rekraftig fremtid.\u00bb\u202f&nbsp;<br><br>For \u00e5 styrke de globale ambisjonene har Hubexos ledergruppe blitt restrukturert for \u00e5 effektivisere driften og fremme innovasjon. Selskapet har ogs\u00e5 utnevnt regionale presidenter som skal overv\u00e5ke den kommersielle virksomheten i APAC, Nord\u00f8st-Europa, Vest-Europa, Storbritannia og Irland samt Nord-Amerika.&nbsp;&nbsp;<br><br>\u00abDen nye lederstrukturen v\u00e5r gj\u00f8r det mulig for oss \u00e5 fokusere enda sterkere p\u00e5 innovasjon, samarbeid og kundesuksess\u00bb, sier Aganovic. \u00abVi skaper et smidig og samlet lederskap som vil levere enda bedre produkter til kundene v\u00e5re og skape et givende milj\u00f8 der v\u00e5re 2 500 kolleger over hele verden kan trives.\u00bb&nbsp;<br><br>Hele Hubexos ledergruppe best\u00e5r n\u00e5 av&nbsp;<\/p>\n\n\n\n<ul class=\"wp-block-list\">\n<li><strong>Dario&nbsp;Aganovic,<\/strong> <strong>Chief Executive Officer<\/strong><\/li>\n\n\n\n<li><strong>Fredrik Lundqvist,<\/strong> \u00d8konomidirekt\u00f8r<\/li>\n\n\n\n<li><strong>Joakim&nbsp;Percival,<\/strong> Produktsjef<\/li>\n\n\n\n<li><strong>Lars&nbsp;Ryding,<\/strong> Driftssjef<\/li>\n\n\n\n<li><strong>Miguel&nbsp;Sobral,<\/strong> Strategidirekt\u00f8r<\/li>\n\n\n\n<li><strong>Lindi&nbsp;Teate,<\/strong> Personaldirekt\u00f8r<\/li>\n\n\n\n<li><strong>Ashleigh&nbsp;Porter,<\/strong> President, APAC<\/li>\n\n\n\n<li><strong>Kyle&nbsp;Camp,<\/strong> President, Nord-Amerika<\/li>\n\n\n\n<li><strong>Thomas Bejer-Andersen,<\/strong> President, Nord\u00f8st-Europa<\/li>\n\n\n\n<li><strong>Joanne Keit,<\/strong> President, UK&nbsp;&amp; Ireland<\/li>\n<\/ul>\n\n\n\n<p><strong>Hubexo<\/strong> vil fokusere p\u00e5 kjernevirksomheten innen byggdata, mens selskapets virksomhet utenfor byggsektoren, som media og helse, vil bli skilt ut i en ny enhet ledet av <strong>Max<\/strong> <strong>Lagerstedt<\/strong>, tidligere administrerende direkt\u00f8r i Byggfakta Norden. Aganovic vil fungere som styreleder.&nbsp;<br><br>Omprofileringen forventes \u00e5 v\u00e6re ferdig innen 2. kvartal 2025, med oppdateringer av konsernets visuelle identitet og merkevarekommunikasjon i tr\u00e5d med Hubexos visjon. Byggfakta-konsernets nettside vil omdirigeres til <strong>Hubexo.com<\/strong>der interessenter kan l\u00e6re mer om den nye retningen for merkevaren.&nbsp;<\/p>\n\n\n\n<div class=\"location-card blog-post-contact is-yellow\" data-country=\"\"\n     id=\"\">\n    <h3 class=\"snug\">\n        <span>For mer informasjon, kontakt<\/span>\n        <svg width=\"26\" height=\"19\" viewbox=\"0 0 26 19\" fill=\"none\" xmlns=\"http:\/\/www.w3.org\/2000\/svg\">\n            <path\n                    d=\"M22.5531 2.27075L16.1039 8.71998L15.7593 9.11383C14.1839 10.6892 11.6731 10.6892 10.0977 9.11383L9.85157 8.86768L3.40234 2.36921\"\n                    stroke=\"#321432\" stroke-width=\"2.46154\" stroke-miterlimit=\"10\"><\/path>\n            <path\n                    d=\"M20.0896 1.43384H5.96035C3.74496 1.43384 1.97266 3.20615 1.97266 5.42153V5.17538V13.0523V13.3969C1.97266 15.6123 3.74496 17.3846 5.96035 17.3846H20.1388C22.3542 17.3846 24.1265 15.6123 24.1265 13.3969V5.71691V5.47076C24.1265 3.25538 22.305 1.43384 20.0896 1.43384Z\"\n                    stroke=\"#321432\" stroke-width=\"2.46154\" stroke-miterlimit=\"10\"><\/path>\n        <\/svg>\n    <\/h3>\n    <p class=\"snug\"><a href=\"mailto:neeu&#114;&#111;&#112;e&#64;h&#117;&#98;&#101;&#120;&#111;&#46;&#99;om\" class=\"small-title--bold\">neeu&#114;&#111;&#112;e&#64;h&#117;&#98;&#101;&#120;&#111;&#46;&#99;om<\/a><\/p>\n<\/div>","protected":false},"excerpt":{"rendered":"<p>Det nye navnet gjenspeiler Hubexos posisjon i sentrum av den globale byggebransjen.\u00a0<\/p>","protected":false},"author":1,"featured_media":589,"comment_status":"open","ping_status":"open","sticky":false,"template":"","format":"standard","meta":{"_acf_changed":false,"footnotes":""},"categories":[1],"tags":[],"location":[],"class_list":["post-366","post","type-post","status-publish","format-standard","has-post-thumbnail","hentry","category-uncategorized"],"acf":[],"yoast_head":"<!-- This site is optimized with the Yoast SEO plugin v26.7 - https:\/\/yoast.com\/wordpress\/plugins\/seo\/ -->\n<title>Byggfakta Group becomes Hubexo and announces new leadership structure | Hubexo North East Europe<\/title>\n<meta name=\"description\" content=\"Byggfakta Group, the parent company behind several market-leading construction data and information brands, today announced that it has changed its name to Hubexo.\" \/>\n<meta name=\"robots\" content=\"index, follow, max-snippet:-1, max-image-preview:large, max-video-preview:-1\" \/>\n<link rel=\"canonical\" href=\"https:\/\/nee.hubexo.com\/no\/byggfakta-group-blir-hubexo\/\" \/>\n<meta property=\"og:locale\" content=\"nb_NO\" \/>\n<meta property=\"og:type\" content=\"article\" \/>\n<meta property=\"og:title\" content=\"Byggfakta Group becomes Hubexo and announces new leadership structure | Hubexo North East Europe\" \/>\n<meta property=\"og:description\" content=\"Byggfakta Group, the parent company behind several market-leading construction data and information brands, today announced that it has changed its name to Hubexo.\" \/>\n<meta property=\"og:url\" content=\"https:\/\/nee.hubexo.com\/no\/byggfakta-group-blir-hubexo\/\" \/>\n<meta property=\"og:site_name\" content=\"Hubexo North East Europe\" \/>\n<meta property=\"article:published_time\" content=\"2024-10-01T07:10:41+00:00\" \/>\n<meta property=\"article:modified_time\" content=\"2025-04-25T08:42:38+00:00\" \/>\n<meta property=\"og:image\" content=\"https:\/\/nee.hubexo.com\/wp-content\/uploads\/2024\/09\/LaunchImage-1-scaled.jpg\" \/>\n\t<meta property=\"og:image:width\" content=\"2560\" \/>\n\t<meta property=\"og:image:height\" content=\"2288\" \/>\n\t<meta property=\"og:image:type\" content=\"image\/jpeg\" \/>\n<meta name=\"author\" content=\"eightarmsadmin\" \/>\n<meta name=\"twitter:card\" content=\"summary_large_image\" \/>\n<meta name=\"twitter:label1\" content=\"Skrevet av\" \/>\n\t<meta name=\"twitter:data1\" content=\"eightarmsadmin\" \/>\n\t<meta name=\"twitter:label2\" content=\"Ansl. lesetid\" \/>\n\t<meta name=\"twitter:data2\" content=\"3 minutter\" \/>\n<script type=\"application\/ld+json\" class=\"yoast-schema-graph\">{\"@context\":\"https:\/\/schema.org\",\"@graph\":[{\"@type\":\"Article\",\"@id\":\"https:\/\/nee.hubexo.com\/byggfakta-group-becomes-hubexo\/#article\",\"isPartOf\":{\"@id\":\"https:\/\/nee.hubexo.com\/byggfakta-group-becomes-hubexo\/\"},\"author\":{\"name\":\"eightarmsadmin\",\"@id\":\"https:\/\/nee.hubexo.com\/#\/schema\/person\/025fe1424ca283a57313a437fc575efa\"},\"headline\":\"Byggfakta Group becomes Hubexo and announces new leadership structure\",\"datePublished\":\"2024-10-01T07:10:41+00:00\",\"dateModified\":\"2025-04-25T08:42:38+00:00\",\"mainEntityOfPage\":{\"@id\":\"https:\/\/nee.hubexo.com\/byggfakta-group-becomes-hubexo\/\"},\"wordCount\":500,\"commentCount\":0,\"image\":{\"@id\":\"https:\/\/nee.hubexo.com\/byggfakta-group-becomes-hubexo\/#primaryimage\"},\"thumbnailUrl\":\"https:\/\/nee.hubexo.com\/wp-content\/uploads\/2024\/09\/LaunchImage-1-scaled.jpg\",\"articleSection\":[\"Uncategorized\"],\"inLanguage\":\"nb-NO\",\"potentialAction\":[{\"@type\":\"CommentAction\",\"name\":\"Comment\",\"target\":[\"https:\/\/nee.hubexo.com\/byggfakta-group-becomes-hubexo\/#respond\"]}]},{\"@type\":\"WebPage\",\"@id\":\"https:\/\/nee.hubexo.com\/byggfakta-group-becomes-hubexo\/\",\"url\":\"https:\/\/nee.hubexo.com\/byggfakta-group-becomes-hubexo\/\",\"name\":\"Byggfakta Group becomes Hubexo and announces new leadership structure | Hubexo North East Europe\",\"isPartOf\":{\"@id\":\"https:\/\/nee.hubexo.com\/#website\"},\"primaryImageOfPage\":{\"@id\":\"https:\/\/nee.hubexo.com\/byggfakta-group-becomes-hubexo\/#primaryimage\"},\"image\":{\"@id\":\"https:\/\/nee.hubexo.com\/byggfakta-group-becomes-hubexo\/#primaryimage\"},\"thumbnailUrl\":\"https:\/\/nee.hubexo.com\/wp-content\/uploads\/2024\/09\/LaunchImage-1-scaled.jpg\",\"datePublished\":\"2024-10-01T07:10:41+00:00\",\"dateModified\":\"2025-04-25T08:42:38+00:00\",\"author\":{\"@id\":\"https:\/\/nee.hubexo.com\/#\/schema\/person\/025fe1424ca283a57313a437fc575efa\"},\"description\":\"Byggfakta Group, the parent company behind several market-leading construction data and information brands, today announced that it has changed its name to Hubexo.\",\"breadcrumb\":{\"@id\":\"https:\/\/nee.hubexo.com\/byggfakta-group-becomes-hubexo\/#breadcrumb\"},\"inLanguage\":\"nb-NO\",\"potentialAction\":[{\"@type\":\"ReadAction\",\"target\":[\"https:\/\/nee.hubexo.com\/byggfakta-group-becomes-hubexo\/\"]}]},{\"@type\":\"ImageObject\",\"inLanguage\":\"nb-NO\",\"@id\":\"https:\/\/nee.hubexo.com\/byggfakta-group-becomes-hubexo\/#primaryimage\",\"url\":\"https:\/\/nee.hubexo.com\/wp-content\/uploads\/2024\/09\/LaunchImage-1-scaled.jpg\",\"contentUrl\":\"https:\/\/nee.hubexo.com\/wp-content\/uploads\/2024\/09\/LaunchImage-1-scaled.jpg\",\"width\":2560,\"height\":2288,\"caption\":\"Atomic yellow Hubexo star pattern on plum background\"},{\"@type\":\"BreadcrumbList\",\"@id\":\"https:\/\/nee.hubexo.com\/byggfakta-group-becomes-hubexo\/#breadcrumb\",\"itemListElement\":[{\"@type\":\"ListItem\",\"position\":1,\"name\":\"Home\",\"item\":\"https:\/\/nee.hubexo.com\/\"},{\"@type\":\"ListItem\",\"position\":2,\"name\":\"Byggfakta Group becomes Hubexo and announces new leadership structure\"}]},{\"@type\":\"WebSite\",\"@id\":\"https:\/\/nee.hubexo.com\/#website\",\"url\":\"https:\/\/nee.hubexo.com\/\",\"name\":\"Hubexo North East Europe\",\"description\":\"\",\"alternateName\":\"Hubexo North East Europe\",\"potentialAction\":[{\"@type\":\"SearchAction\",\"target\":{\"@type\":\"EntryPoint\",\"urlTemplate\":\"https:\/\/nee.hubexo.com\/?s={search_term_string}\"},\"query-input\":{\"@type\":\"PropertyValueSpecification\",\"valueRequired\":true,\"valueName\":\"search_term_string\"}}],\"inLanguage\":\"nb-NO\"},{\"@type\":\"Person\",\"@id\":\"https:\/\/nee.hubexo.com\/#\/schema\/person\/025fe1424ca283a57313a437fc575efa\",\"name\":\"eightarmsadmin\",\"image\":{\"@type\":\"ImageObject\",\"inLanguage\":\"nb-NO\",\"@id\":\"https:\/\/nee.hubexo.com\/#\/schema\/person\/image\/\",\"url\":\"https:\/\/secure.gravatar.com\/avatar\/be86b66acc382649433012744bb0aeda70f53c7c0649832af91b960764fef953?s=96&d=mm&r=g\",\"contentUrl\":\"https:\/\/secure.gravatar.com\/avatar\/be86b66acc382649433012744bb0aeda70f53c7c0649832af91b960764fef953?s=96&d=mm&r=g\",\"caption\":\"eightarmsadmin\"},\"sameAs\":[\"http:\/\/54.252.222.112\"],\"url\":\"https:\/\/nee.hubexo.com\/no\/author\/eightarmsadmin\/\"}]}<\/script>\n<!-- \/ Yoast SEO plugin. -->","yoast_head_json":{"title":"Byggfakta Group becomes Hubexo and announces new leadership structure | Hubexo North East Europe","description":"Byggfakta Group, the parent company behind several market-leading construction data and information brands, today announced that it has changed its name to Hubexo.","robots":{"index":"index","follow":"follow","max-snippet":"max-snippet:-1","max-image-preview":"max-image-preview:large","max-video-preview":"max-video-preview:-1"},"canonical":"https:\/\/nee.hubexo.com\/no\/byggfakta-group-blir-hubexo\/","og_locale":"nb_NO","og_type":"article","og_title":"Byggfakta Group becomes Hubexo and announces new leadership structure | Hubexo North East Europe","og_description":"Byggfakta Group, the parent company behind several market-leading construction data and information brands, today announced that it has changed its name to Hubexo.","og_url":"https:\/\/nee.hubexo.com\/no\/byggfakta-group-blir-hubexo\/","og_site_name":"Hubexo North East Europe","article_published_time":"2024-10-01T07:10:41+00:00","article_modified_time":"2025-04-25T08:42:38+00:00","og_image":[{"width":2560,"height":2288,"url":"https:\/\/nee.hubexo.com\/wp-content\/uploads\/2024\/09\/LaunchImage-1-scaled.jpg","type":"image\/jpeg"}],"author":"eightarmsadmin","twitter_card":"summary_large_image","twitter_misc":{"Skrevet av":"eightarmsadmin","Ansl. lesetid":"3 minutter"},"schema":{"@context":"https:\/\/schema.org","@graph":[{"@type":"Article","@id":"https:\/\/nee.hubexo.com\/byggfakta-group-becomes-hubexo\/#article","isPartOf":{"@id":"https:\/\/nee.hubexo.com\/byggfakta-group-becomes-hubexo\/"},"author":{"name":"eightarmsadmin","@id":"https:\/\/nee.hubexo.com\/#\/schema\/person\/025fe1424ca283a57313a437fc575efa"},"headline":"Byggfakta Group becomes Hubexo and announces new leadership structure","datePublished":"2024-10-01T07:10:41+00:00","dateModified":"2025-04-25T08:42:38+00:00","mainEntityOfPage":{"@id":"https:\/\/nee.hubexo.com\/byggfakta-group-becomes-hubexo\/"},"wordCount":500,"commentCount":0,"image":{"@id":"https:\/\/nee.hubexo.com\/byggfakta-group-becomes-hubexo\/#primaryimage"},"thumbnailUrl":"https:\/\/nee.hubexo.com\/wp-content\/uploads\/2024\/09\/LaunchImage-1-scaled.jpg","articleSection":["Uncategorized"],"inLanguage":"nb-NO","potentialAction":[{"@type":"CommentAction","name":"Comment","target":["https:\/\/nee.hubexo.com\/byggfakta-group-becomes-hubexo\/#respond"]}]},{"@type":"WebPage","@id":"https:\/\/nee.hubexo.com\/byggfakta-group-becomes-hubexo\/","url":"https:\/\/nee.hubexo.com\/byggfakta-group-becomes-hubexo\/","name":"Byggfakta Group becomes Hubexo and announces new leadership structure | Hubexo North East Europe","isPartOf":{"@id":"https:\/\/nee.hubexo.com\/#website"},"primaryImageOfPage":{"@id":"https:\/\/nee.hubexo.com\/byggfakta-group-becomes-hubexo\/#primaryimage"},"image":{"@id":"https:\/\/nee.hubexo.com\/byggfakta-group-becomes-hubexo\/#primaryimage"},"thumbnailUrl":"https:\/\/nee.hubexo.com\/wp-content\/uploads\/2024\/09\/LaunchImage-1-scaled.jpg","datePublished":"2024-10-01T07:10:41+00:00","dateModified":"2025-04-25T08:42:38+00:00","author":{"@id":"https:\/\/nee.hubexo.com\/#\/schema\/person\/025fe1424ca283a57313a437fc575efa"},"description":"Byggfakta Group, the parent company behind several market-leading construction data and information brands, today announced that it has changed its name to Hubexo.","breadcrumb":{"@id":"https:\/\/nee.hubexo.com\/byggfakta-group-becomes-hubexo\/#breadcrumb"},"inLanguage":"nb-NO","potentialAction":[{"@type":"ReadAction","target":["https:\/\/nee.hubexo.com\/byggfakta-group-becomes-hubexo\/"]}]},{"@type":"ImageObject","inLanguage":"nb-NO","@id":"https:\/\/nee.hubexo.com\/byggfakta-group-becomes-hubexo\/#primaryimage","url":"https:\/\/nee.hubexo.com\/wp-content\/uploads\/2024\/09\/LaunchImage-1-scaled.jpg","contentUrl":"https:\/\/nee.hubexo.com\/wp-content\/uploads\/2024\/09\/LaunchImage-1-scaled.jpg","width":2560,"height":2288,"caption":"Atomic yellow Hubexo star pattern on plum background"},{"@type":"BreadcrumbList","@id":"https:\/\/nee.hubexo.com\/byggfakta-group-becomes-hubexo\/#breadcrumb","itemListElement":[{"@type":"ListItem","position":1,"name":"Home","item":"https:\/\/nee.hubexo.com\/"},{"@type":"ListItem","position":2,"name":"Byggfakta Group becomes Hubexo and announces new leadership structure"}]},{"@type":"WebSite","@id":"https:\/\/nee.hubexo.com\/#website","url":"https:\/\/nee.hubexo.com\/","name":"Hubexo Nord\u00f8st-Europa","description":"","alternateName":"Hubexo North East Europe","potentialAction":[{"@type":"SearchAction","target":{"@type":"EntryPoint","urlTemplate":"https:\/\/nee.hubexo.com\/?s={search_term_string}"},"query-input":{"@type":"PropertyValueSpecification","valueRequired":true,"valueName":"search_term_string"}}],"inLanguage":"nb-NO"},{"@type":"Person","@id":"https:\/\/nee.hubexo.com\/#\/schema\/person\/025fe1424ca283a57313a437fc575efa","name":"eightarmsadmin","image":{"@type":"ImageObject","inLanguage":"nb-NO","@id":"https:\/\/nee.hubexo.com\/#\/schema\/person\/image\/","url":"https:\/\/secure.gravatar.com\/avatar\/be86b66acc382649433012744bb0aeda70f53c7c0649832af91b960764fef953?s=96&d=mm&r=g","contentUrl":"https:\/\/secure.gravatar.com\/avatar\/be86b66acc382649433012744bb0aeda70f53c7c0649832af91b960764fef953?s=96&d=mm&r=g","caption":"eightarmsadmin"},"sameAs":["http:\/\/54.252.222.112"],"url":"https:\/\/nee.hubexo.com\/no\/author\/eightarmsadmin\/"}]}},"featured_image_src":"https:\/\/nee.hubexo.com\/wp-content\/uploads\/2024\/09\/LaunchImage-1-scaled.jpg","featured_image_src_square":"https:\/\/nee.hubexo.com\/wp-content\/uploads\/2024\/09\/LaunchImage-1-scaled.jpg","author_info":{"display_name":"eightarmsadmin","author_link":"https:\/\/nee.hubexo.com\/no\/author\/eightarmsadmin\/"},"_links":{"self":[{"href":"https:\/\/nee.hubexo.com\/no\/wp-json\/wp\/v2\/posts\/366","targetHints":{"allow":["GET"]}}],"collection":[{"href":"https:\/\/nee.hubexo.com\/no\/wp-json\/wp\/v2\/posts"}],"about":[{"href":"https:\/\/nee.hubexo.com\/no\/wp-json\/wp\/v2\/types\/post"}],"author":[{"embeddable":true,"href":"https:\/\/nee.hubexo.com\/no\/wp-json\/wp\/v2\/users\/1"}],"replies":[{"embeddable":true,"href":"https:\/\/nee.hubexo.com\/no\/wp-json\/wp\/v2\/comments?post=366"}],"version-history":[{"count":0,"href":"https:\/\/nee.hubexo.com\/no\/wp-json\/wp\/v2\/posts\/366\/revisions"}],"wp:featuredmedia":[{"embeddable":true,"href":"https:\/\/nee.hubexo.com\/no\/wp-json\/wp\/v2\/media\/589"}],"wp:attachment":[{"href":"https:\/\/nee.hubexo.com\/no\/wp-json\/wp\/v2\/media?parent=366"}],"wp:term":[{"taxonomy":"category","embeddable":true,"href":"https:\/\/nee.hubexo.com\/no\/wp-json\/wp\/v2\/categories?post=366"},{"taxonomy":"post_tag","embeddable":true,"href":"https:\/\/nee.hubexo.com\/no\/wp-json\/wp\/v2\/tags?post=366"},{"taxonomy":"location","embeddable":true,"href":"https:\/\/nee.hubexo.com\/no\/wp-json\/wp\/v2\/location?post=366"}],"curies":[{"name":"wp","href":"https:\/\/api.w.org\/{rel}","templated":true}]}}